{"id":10149,"__str__":"Requerimento n\u00ba 68 de 2025","link_detail_backend":"/materia/10149","metadata":{},"numero":68,"ano":2025,"numero_protocolo":null,"data_apresentacao":"2025-02-17","tipo_apresentacao":"","data_publicacao":null,"numero_origem_externa":"","ano_origem_externa":null,"data_origem_externa":null,"apelido":"","dias_prazo":null,"data_fim_prazo":null,"em_tramitacao":false,"polemica":false,"objeto":"","complementar":false,"ementa":"Solicitar ao Prefeito Municipal e Secretaria de Educa\u00e7\u00e3o para que, em virtude da transforma\u00e7\u00e3o da Escola Municipal Imaculada Concei\u00e7\u00e3o em Escola Municipal de Tempo Integral, seja realizada a altera\u00e7\u00e3o do nome da institui\u00e7\u00e3o para Escola Municipal de Tempo\r\nIntegral Ant\u00f4nio Ot\u00e1vio da Silva, em justa homenagem a este cidad\u00e3o que deixou um legado imensur\u00e1vel \u00e0 nossa cidade, dedicando sua vida ao progresso e desenvolvimento do Munic\u00edpio","indexacao":"","observacao":"","resultado":"","texto_original":"http://sapl.cabedelo.pb.leg.br/media/sapl/public/materialegislativa/2025/10149/requer._no_068_2025_-_ver._fabricio_magno_-_alteracao_do_nome_da_escola_municipal_imaculada_conceicao.pdf","data_ultima_atualizacao":"2025-02-21T10:37:18.039301-03:00","ip":"186.235.50.39","ultima_edicao":"2025-02-21T10:34:59.022054-03:00","tipo":3,"regime_tramitacao":1,"tipo_origem_externa":null,"local_origem_externa":null,"user":22,"anexadas":[],"autores":[69]}