{"id":10244,"__str__":"Requerimento n\u00ba 150 de 2025","link_detail_backend":"/materia/10244","metadata":{},"numero":150,"ano":2025,"numero_protocolo":null,"data_apresentacao":"2025-03-18","tipo_apresentacao":"","data_publicacao":null,"numero_origem_externa":"","ano_origem_externa":null,"data_origem_externa":null,"apelido":"","dias_prazo":null,"data_fim_prazo":null,"em_tramitacao":false,"polemica":false,"objeto":"","complementar":false,"ementa":"Realiza\u00e7\u00e3o de Audi\u00eancia P\u00fablica, no Plen\u00e1rio desta Casa Legislativa,  para debater a situa\u00e7\u00e3o\r\ncr\u00edtica do Rio Jaguaribe, com o objetivo de discutir e propor solu\u00e7\u00f5es para os problemas que afetam sua sa\u00fade e o bem-estar das comunidades ribeirinhas","indexacao":"","observacao":"","resultado":"","texto_original":"http://sapl.cabedelo.pb.leg.br/media/sapl/public/materialegislativa/2025/10244/requer._no_150_2025_-_ver._marcio_silva_-_audiencia_publica_rio_jaguaribe.pdf","data_ultima_atualizacao":"2025-03-21T12:39:49.875467-03:00","ip":"186.235.50.39","ultima_edicao":"2025-03-21T12:37:00.931828-03:00","tipo":3,"regime_tramitacao":1,"tipo_origem_externa":null,"local_origem_externa":null,"user":22,"anexadas":[],"autores":[50]}