{"id":10310,"__str__":"Requerimento n\u00ba 187 de 2025","link_detail_backend":"/materia/10310","metadata":{},"numero":187,"ano":2025,"numero_protocolo":null,"data_apresentacao":"2025-03-25","tipo_apresentacao":"","data_publicacao":null,"numero_origem_externa":"","ano_origem_externa":null,"data_origem_externa":null,"apelido":"","dias_prazo":null,"data_fim_prazo":null,"em_tramitacao":false,"polemica":false,"objeto":"","complementar":false,"ementa":"Solicitar ao Prefeito Municipal e Secretaria de Educa\u00e7\u00e3o a viabiliza\u00e7\u00e3o de cursos de capacita\u00e7\u00e3o destinados aos educadores sociais volunt\u00e1rios que atuar\u00e3o no apoio \u00e0 pr\u00e1tica pedag\u00f3gica dos educandos na rede municipal de ensino","indexacao":"","observacao":"","resultado":"","texto_original":"http://sapl.cabedelo.pb.leg.br/media/sapl/public/materialegislativa/2025/10310/requer._no_187_2025_-_ver._jose_pereira_-_cursos_de_capacitacao_educadores_sociais_voluntarios.pdf","data_ultima_atualizacao":"2025-04-25T11:08:19.488694-03:00","ip":"186.235.50.39","ultima_edicao":"2025-04-25T11:06:39.367108-03:00","tipo":3,"regime_tramitacao":1,"tipo_origem_externa":null,"local_origem_externa":null,"user":22,"anexadas":[],"autores":[39]}