{"id":10316,"__str__":"Requerimento n\u00ba 193 de 2025","link_detail_backend":"/materia/10316","metadata":{},"numero":193,"ano":2025,"numero_protocolo":null,"data_apresentacao":"2025-03-28","tipo_apresentacao":"","data_publicacao":null,"numero_origem_externa":"","ano_origem_externa":null,"data_origem_externa":null,"apelido":"","dias_prazo":null,"data_fim_prazo":null,"em_tramitacao":false,"polemica":false,"objeto":"","complementar":false,"ementa":"Solicitar ao Prefeito Municipal a inclus\u00e3o do bairro do Jacar\u00e9 como pr\u00f3xima localifdade a ser contemplada pelo Programa \"Cabe mais sa\u00fade nos Bairros\"","indexacao":"","observacao":"","resultado":"","texto_original":"http://sapl.cabedelo.pb.leg.br/media/sapl/public/materialegislativa/2025/10316/requer._no_193_2025_-_ver._bira_carvalho_-_inclusao_bairro_jacare_programa_cabe_mais_saude_nos_bairros.pdf","data_ultima_atualizacao":"2025-04-25T11:44:57.197535-03:00","ip":"186.235.50.39","ultima_edicao":"2025-04-25T11:26:41.522683-03:00","tipo":3,"regime_tramitacao":1,"tipo_origem_externa":null,"local_origem_externa":null,"user":22,"anexadas":[],"autores":[66]}