{"id":10344,"__str__":"Requerimento n\u00ba 221 de 2025","link_detail_backend":"/materia/10344","metadata":{},"numero":221,"ano":2025,"numero_protocolo":null,"data_apresentacao":"2025-04-07","tipo_apresentacao":"","data_publicacao":null,"numero_origem_externa":"","ano_origem_externa":null,"data_origem_externa":null,"apelido":"","dias_prazo":null,"data_fim_prazo":null,"em_tramitacao":false,"polemica":false,"objeto":"","complementar":false,"ementa":"Solicitar ao Prefeito Municipal e Secretaria de Educa\u00e7\u00e3o a reforma e amplia\u00e7\u00e3o da Creche Josefa de Medeiros Regis, no Bairro Renascer ll","indexacao":"","observacao":"","resultado":"","texto_original":"http://sapl.cabedelo.pb.leg.br/media/sapl/public/materialegislativa/2025/10344/requer._no_221_2025_-_ver._reinaldo_lima_rey_-_reforma_e_ampliacao_creche_josefa_de_medeiros_regis_renascer_ii.pdf","data_ultima_atualizacao":"2025-04-25T13:23:04.419308-03:00","ip":"186.235.50.39","ultima_edicao":"2025-04-25T13:21:42.103786-03:00","tipo":3,"regime_tramitacao":1,"tipo_origem_externa":null,"local_origem_externa":null,"user":22,"anexadas":[],"autores":[41]}