{"id":10345,"__str__":"Requerimento n\u00ba 222 de 2025","link_detail_backend":"/materia/10345","metadata":{},"numero":222,"ano":2025,"numero_protocolo":null,"data_apresentacao":"2025-04-07","tipo_apresentacao":"","data_publicacao":null,"numero_origem_externa":"","ano_origem_externa":null,"data_origem_externa":null,"apelido":"","dias_prazo":null,"data_fim_prazo":null,"em_tramitacao":false,"polemica":false,"objeto":"","complementar":false,"ementa":"Solicitar ao Prefeito Municipal e Secretaria de Sa\u00fade para que adotem as medidas necess\u00e1rias para a cria\u00e7\u00e3o de um Centro de Aten\u00e7\u00e3o Psicossocial Infantil (CAPS Infantil), destinado a atender crian\u00e7as e adolescentes que apresentam transtornos mentais e comportamentais, com o intuito de promover o cuidado e o acompanhamento necess\u00e1rio para o seu pleno desenvolvimento e inclus\u00e3o social","indexacao":"","observacao":"","resultado":"","texto_original":"http://sapl.cabedelo.pb.leg.br/media/sapl/public/materialegislativa/2025/10345/requer._no_222_2025_-_ver._edglei_ramalho_-_criacao_caps_infantil.pdf","data_ultima_atualizacao":"2025-04-25T13:25:40.071166-03:00","ip":"186.235.50.39","ultima_edicao":"2025-04-25T13:23:07.069724-03:00","tipo":3,"regime_tramitacao":1,"tipo_origem_externa":null,"local_origem_externa":null,"user":22,"anexadas":[],"autores":[67]}