{"id":10400,"__str__":"Ato da Presid\u00eancia n\u00ba 21 de 2025","link_detail_backend":"/materia/10400","metadata":{},"numero":21,"ano":2025,"numero_protocolo":null,"data_apresentacao":"2025-04-30","tipo_apresentacao":"","data_publicacao":null,"numero_origem_externa":"","ano_origem_externa":null,"data_origem_externa":null,"apelido":"","dias_prazo":null,"data_fim_prazo":null,"em_tramitacao":false,"polemica":false,"objeto":"","complementar":false,"ementa":"Designa Representantes da C\u00e2mara Municipal de Cabedelo (PB), para compor a Comiss\u00e3o Organizadora da Confer\u00eancia Municipal da Cidade de Cabedelo, e d\u00e1 outras provid\u00eancias","indexacao":"","observacao":"","resultado":"","texto_original":"http://sapl.cabedelo.pb.leg.br/media/sapl/public/materialegislativa/2025/10400/ato_do_presidente_no_021_2025-_desigana_representante_para_conferencia_municipal_da_cidade.pdf","data_ultima_atualizacao":"2025-06-16T11:58:06.157804-03:00","ip":"186.235.50.39","ultima_edicao":"2025-06-16T11:58:05.281056-03:00","tipo":29,"regime_tramitacao":1,"tipo_origem_externa":null,"local_origem_externa":null,"user":22,"anexadas":[],"autores":[65]}