{"id":10428,"__str__":"Requerimento n\u00ba 336 de 2025","link_detail_backend":"/materia/10428","metadata":{},"numero":336,"ano":2025,"numero_protocolo":null,"data_apresentacao":"2025-04-28","tipo_apresentacao":"","data_publicacao":null,"numero_origem_externa":"","ano_origem_externa":null,"data_origem_externa":null,"apelido":"","dias_prazo":null,"data_fim_prazo":null,"em_tramitacao":false,"polemica":false,"objeto":"","complementar":false,"ementa":"Solicitar ao Prefeito Municipal e Secretaria de de Sa\u00fade a realiza\u00e7\u00e3o de uma Campanha que ofereca atendimento odontol\u00f3gico especializado voltado para crian\u00e7as com transtorno do espectro autista (TEA) REQUERIMENTO N\u00ba 295A/2025","indexacao":"","observacao":"","resultado":"","texto_original":"http://sapl.cabedelo.pb.leg.br/media/sapl/public/materialegislativa/2025/10428/requer._no_295_2025_-_ver._moises_do_meninas_bar_-_atendimento_odontologico_para_criancas_com_autismo.pdf","data_ultima_atualizacao":"2025-05-08T12:40:14.705154-03:00","ip":"186.235.50.39","ultima_edicao":"2025-05-08T12:40:14.565294-03:00","tipo":3,"regime_tramitacao":1,"tipo_origem_externa":null,"local_origem_externa":null,"user":22,"anexadas":[],"autores":[57]}