{"id":10432,"__str__":"Requerimento n\u00ba 300 de 2025","link_detail_backend":"/materia/10432","metadata":{},"numero":300,"ano":2025,"numero_protocolo":null,"data_apresentacao":"2025-04-29","tipo_apresentacao":"","data_publicacao":null,"numero_origem_externa":"","ano_origem_externa":null,"data_origem_externa":null,"apelido":"","dias_prazo":null,"data_fim_prazo":null,"em_tramitacao":false,"polemica":false,"objeto":"","complementar":false,"ementa":"Solicitar ao Prefeito Municipal estudo de uma Pol\u00edtica Municipal que determine a reserva de um percentual m\u00ednimo (5%) de vagas de trabalho para Pessoas com Defici\u00eancias em programas, projetos e a\u00e7\u00f5es promovidas nas diversas \u00e1reas da administra\u00e7\u00e3o p\u00fablica municipal","indexacao":"","observacao":"","resultado":"","texto_original":"http://sapl.cabedelo.pb.leg.br/media/sapl/public/materialegislativa/2025/10432/requer._no_300_2025_-_ver._wagner_do_solanense_-_reserva_vagas_pessoas_pcd_area_da_administracao_publica.pdf","data_ultima_atualizacao":"2025-05-08T13:11:27.323994-03:00","ip":"186.235.50.39","ultima_edicao":"2025-05-08T13:10:01.079047-03:00","tipo":3,"regime_tramitacao":1,"tipo_origem_externa":null,"local_origem_externa":null,"user":22,"anexadas":[],"autores":[46]}