{"id":10437,"__str__":"Requerimento n\u00ba 305 de 2025","link_detail_backend":"/materia/10437","metadata":{},"numero":305,"ano":2025,"numero_protocolo":null,"data_apresentacao":"2025-04-29","tipo_apresentacao":"","data_publicacao":null,"numero_origem_externa":"","ano_origem_externa":null,"data_origem_externa":null,"apelido":"","dias_prazo":null,"data_fim_prazo":null,"em_tramitacao":false,"polemica":false,"objeto":"","complementar":false,"ementa":"Solicitar ao Prefeito Municipal e Secretaria de Sa\u00fade disponibilizar uma sala ou \u00e1rea dentro da\r\nPolicl\u00ednica Municipal ou qualquer outro espa\u00e7o que a administra\u00e7\u00e3o municipal considere pertinente, com o objetivo de abrigar um atendimento especializado para as demandas de pessoas portadoras de fibromialgia, com o apoio de profissionais da \u00e1rea m\u00e9dica","indexacao":"","observacao":"","resultado":"","texto_original":"http://sapl.cabedelo.pb.leg.br/media/sapl/public/materialegislativa/2025/10437/requer._no_305_2025_-_ver._junior_paulo_-_sala_atendimento_especializado_para_portadores_de_fibromalgia.pdf","data_ultima_atualizacao":"2025-05-08T13:20:19.902387-03:00","ip":"186.235.50.39","ultima_edicao":"2025-05-08T13:17:57.506982-03:00","tipo":3,"regime_tramitacao":1,"tipo_origem_externa":null,"local_origem_externa":null,"user":22,"anexadas":[],"autores":[48]}