{"id":10443,"__str__":"Projeto de Lei Ordin\u00e1ria n\u00ba 19 de 2025","link_detail_backend":"/materia/10443","metadata":{},"numero":19,"ano":2025,"numero_protocolo":null,"data_apresentacao":"2025-02-07","tipo_apresentacao":"","data_publicacao":null,"numero_origem_externa":"","ano_origem_externa":null,"data_origem_externa":null,"apelido":"","dias_prazo":null,"data_fim_prazo":null,"em_tramitacao":false,"polemica":false,"objeto":"","complementar":false,"ementa":"Institui o dia 31 de outubro como Dia da Proclama\u00e7\u00e3o do Evangelho no \u00e2mbito municipal de Cabedelo","indexacao":"","observacao":"","resultado":"","texto_original":"http://sapl.cabedelo.pb.leg.br/media/sapl/public/materialegislativa/2025/10443/pl_no_019_2025_-_ver._saulo_dantas_-_dia_da_proclamacao_do_evangelho_31_de_outubro_-_lei_no_2.447_2025.pdf","data_ultima_atualizacao":"2025-05-08T13:37:14.599765-03:00","ip":"186.235.50.39","ultima_edicao":"2025-05-08T13:34:18.565604-03:00","tipo":1,"regime_tramitacao":1,"tipo_origem_externa":null,"local_origem_externa":null,"user":22,"anexadas":[],"autores":[68]}