{"id":10481,"__str__":"Requerimento n\u00ba 310 de 2025","link_detail_backend":"/materia/10481","metadata":{},"numero":310,"ano":2025,"numero_protocolo":null,"data_apresentacao":"2025-04-29","tipo_apresentacao":"","data_publicacao":null,"numero_origem_externa":"","ano_origem_externa":null,"data_origem_externa":null,"apelido":"","dias_prazo":null,"data_fim_prazo":null,"em_tramitacao":false,"polemica":false,"objeto":"","complementar":false,"ementa":"Solicitar ao Prefeito Municipal e Secretarias de Sa\u00fade e da Pessoa com Deficiencia a cria\u00e7\u00e3o da \"Sala de Acolhimento Arco-iris\"para Atendimento Multidisciplinar Imediato \u00e0s Crian\u00e7as e aos Adolescentes com Doen\u00e7a Mental","indexacao":"","observacao":"","resultado":"","texto_original":"http://sapl.cabedelo.pb.leg.br/media/sapl/public/materialegislativa/2025/10481/requer._no_310_2025_-_ver._bira_carvalho_-_criacao_sala_arco-iris.pdf","data_ultima_atualizacao":"2025-05-12T11:51:48.559852-03:00","ip":"186.235.50.39","ultima_edicao":"2025-05-12T11:49:56.096621-03:00","tipo":3,"regime_tramitacao":1,"tipo_origem_externa":null,"local_origem_externa":null,"user":22,"anexadas":[],"autores":[66]}