{"id":10637,"__str__":"Requerimento n\u00ba 417 de 2025","link_detail_backend":"/materia/10637","metadata":{},"numero":417,"ano":2025,"numero_protocolo":null,"data_apresentacao":"2025-06-02","tipo_apresentacao":"","data_publicacao":null,"numero_origem_externa":"","ano_origem_externa":null,"data_origem_externa":null,"apelido":"","dias_prazo":null,"data_fim_prazo":null,"em_tramitacao":false,"polemica":false,"objeto":"","complementar":false,"ementa":"Realiza\u00e7\u00e3o de Audi\u00eancia P\u00fablica, no Plen\u00e1rio desta Casa Legislativa, em data a ser agendada pela Presid\u00eancia, para debater a problem\u00e1tica dos Transportes P\u00fablicos Coletivos no Munic\u00edpio de Cabedelo, considerando as recorrentes reclama\u00e7\u00f5es da popula\u00e7\u00e3o quanto \u00e0 sua precariedade","indexacao":"","observacao":"","resultado":"","texto_original":"http://sapl.cabedelo.pb.leg.br/media/sapl/public/materialegislativa/2025/10637/requer._no_417_2025_-_ver._jose_pereira_-_audiencia_publica_transportes_publicos_coletivos.pdf","data_ultima_atualizacao":"2025-06-09T13:06:25.807271-03:00","ip":"186.235.50.39","ultima_edicao":"2025-06-09T13:03:36.375405-03:00","tipo":3,"regime_tramitacao":1,"tipo_origem_externa":null,"local_origem_externa":null,"user":22,"anexadas":[],"autores":[39]}