{"id":10721,"__str__":"Ato da Presid\u00eancia n\u00ba 23 de 2025","link_detail_backend":"/materia/10721","metadata":{},"numero":23,"ano":2025,"numero_protocolo":null,"data_apresentacao":"2025-06-17","tipo_apresentacao":"","data_publicacao":null,"numero_origem_externa":"","ano_origem_externa":null,"data_origem_externa":null,"apelido":"","dias_prazo":null,"data_fim_prazo":null,"em_tramitacao":false,"polemica":false,"objeto":"","complementar":false,"ementa":"Disp\u00f5e sobre Ponto Facultativo e Feriado em face do Dia de Corpus Christi e das Festividades Juninas no \u00e2mbito da C\u00e2mara Municipal de Cabedelo, e d\u00e1 outras provid\u00eancias","indexacao":"","observacao":"","resultado":"","texto_original":"http://sapl.cabedelo.pb.leg.br/media/sapl/public/materialegislativa/2025/10721/ato_do_presidente_no_023_2025-_ponto_facultativo_festividades_juninas.pdf","data_ultima_atualizacao":"2025-07-07T13:04:34.430319-03:00","ip":"186.235.50.39","ultima_edicao":"2025-07-07T13:02:26.662376-03:00","tipo":29,"regime_tramitacao":1,"tipo_origem_externa":null,"local_origem_externa":null,"user":22,"anexadas":[],"autores":[65]}