{"id":1072,"__str__":"Requerimento n\u00ba 255 de 2014","link_detail_backend":"/materia/1072","metadata":{},"numero":255,"ano":2014,"numero_protocolo":null,"data_apresentacao":"2014-12-02","tipo_apresentacao":"","data_publicacao":null,"numero_origem_externa":"","ano_origem_externa":null,"data_origem_externa":null,"apelido":"","dias_prazo":null,"data_fim_prazo":null,"em_tramitacao":false,"polemica":null,"objeto":"","complementar":null,"ementa":"APRECIA\u00c7\u00c3O DAS PROPOSITURAS ABAIXO RELACIONADAS:\r\nPROJETO DE DECRETO LEGISLATIVO N O 016/2014 - DO VEREADOR MOACIR DANTAS - CONCEDE O T\u00cdTULO DE CIDAD\u00c3O CABEDELENSE AO MINISTRO DAS CIDADES, GILBERTO MAGALH\u00c3ES OCCHI, E D\u00c1 OUTRAS PROVID\u00caNCIAS.\r\n&#8226; PROJETO DE DECRETO LEGISLATIVO N\u00ba 017/2014 - DO VEREADOR JOS\u00c9 EUDES - CONCEDE O T\u00cdTULO DE CIDAD\u00c3O CABEDELENSE AO DELEGADO DE POLICIA CIVIL, ADEMIR FERNANDES DE OLIVEIRA FILHO, E D\u00c1 OUTRAS PROVID\u00caNCIAS.","indexacao":"","observacao":"","resultado":"","texto_original":"http://sapl.cabedelo.pb.leg.br/media/sapl/public/materialegislativa/2014/1072/1072_texto_integral.pdf","data_ultima_atualizacao":"2018-10-23T09:19:33.939530-03:00","ip":"","ultima_edicao":null,"tipo":3,"regime_tramitacao":3,"tipo_origem_externa":null,"local_origem_externa":null,"user":null,"anexadas":[],"autores":[]}