{"id":10770,"__str__":"Requerimento n\u00ba 468 de 2025","link_detail_backend":"/materia/10770","metadata":{},"numero":468,"ano":2025,"numero_protocolo":null,"data_apresentacao":"2025-08-06","tipo_apresentacao":"","data_publicacao":null,"numero_origem_externa":"","ano_origem_externa":null,"data_origem_externa":null,"apelido":"","dias_prazo":null,"data_fim_prazo":null,"em_tramitacao":false,"polemica":false,"objeto":"","complementar":false,"ementa":"Realiza\u00e7\u00e3o de Sess\u00e3o Especial de Audi\u00eancia P\u00fablica no Plen\u00e1rio desta Casa Legislativa, em data a ser agendada pela Presid\u00eancia, acerca da defici\u00eancia e aus\u00eancia de sinal de telefonia m\u00f3vel e internet fornecida pelas operadoras no Munic\u00edpio de Cabedelo","indexacao":"","observacao":"","resultado":"","texto_original":"http://sapl.cabedelo.pb.leg.br/media/sapl/public/materialegislativa/2025/10770/requer._no_468_2025_-_ver._fabricio_magno_-_audiencia_publica_deficiencia_e_ausencia_sinal_de_telefonia_movel_e_internet.pdf","data_ultima_atualizacao":"2025-08-13T11:28:21.513504-03:00","ip":"186.235.50.39","ultima_edicao":"2025-08-13T11:25:36.957490-03:00","tipo":3,"regime_tramitacao":1,"tipo_origem_externa":null,"local_origem_externa":null,"user":22,"anexadas":[],"autores":[69]}