{"id":11001,"__str__":"Projeto de Decreto Legislativo n\u00ba 25 de 2025","link_detail_backend":"/materia/11001","metadata":{},"numero":25,"ano":2025,"numero_protocolo":null,"data_apresentacao":"2025-08-28","tipo_apresentacao":"","data_publicacao":null,"numero_origem_externa":"","ano_origem_externa":null,"data_origem_externa":null,"apelido":"","dias_prazo":null,"data_fim_prazo":null,"em_tramitacao":false,"polemica":false,"objeto":"","complementar":false,"ementa":"Concede T\u00edtulo de Cidad\u00e3o Cabedelense ao Senhor Alexandre Maroni Vidal, e d\u00e1 outras provid\u00eancias","indexacao":"","observacao":"","resultado":"","texto_original":"http://sapl.cabedelo.pb.leg.br/media/sapl/public/materialegislativa/2025/11001/pdl_no_025_2025_-_ver._saulo_dantas_-_cidadao_cabedelense__alexandre_vidal_-_dl_no_923_2025.pdf","data_ultima_atualizacao":"2025-10-01T12:48:48.675243-03:00","ip":"186.235.50.39","ultima_edicao":"2025-10-01T12:47:59.658529-03:00","tipo":6,"regime_tramitacao":1,"tipo_origem_externa":null,"local_origem_externa":null,"user":22,"anexadas":[],"autores":[68]}