{"id":11031,"__str__":"Ato da Presid\u00eancia n\u00ba 36 de 2025","link_detail_backend":"/materia/11031","metadata":{},"numero":36,"ano":2025,"numero_protocolo":null,"data_apresentacao":"2025-10-13","tipo_apresentacao":"","data_publicacao":null,"numero_origem_externa":"","ano_origem_externa":null,"data_origem_externa":null,"apelido":"","dias_prazo":null,"data_fim_prazo":null,"em_tramitacao":false,"polemica":false,"objeto":"","complementar":false,"ementa":"Antecipa o hor\u00e1rio da Sess\u00e3o Ordin\u00e1ria desta ter\u00e7a-feira, dia 14 de outubro de 2025, em face da Sess\u00e3o Especial da Sa\u00fade, a ser realizada logo em seguida pelo Plen\u00e1rio","indexacao":"","observacao":"","resultado":"","texto_original":"http://sapl.cabedelo.pb.leg.br/media/sapl/public/materialegislativa/2025/11031/ato_do_presidente_no_036_2025-_antecipa_horario_da_sessao_ordinaria_14-10-2025.pdf","data_ultima_atualizacao":"2025-10-13T13:52:43.612909-03:00","ip":"186.235.50.39","ultima_edicao":"2025-10-13T13:51:52.189036-03:00","tipo":29,"regime_tramitacao":1,"tipo_origem_externa":null,"local_origem_externa":null,"user":22,"anexadas":[],"autores":[65]}