{"id":11062,"__str__":"Requerimento n\u00ba 697 de 2025","link_detail_backend":"/materia/11062","metadata":{},"numero":697,"ano":2025,"numero_protocolo":null,"data_apresentacao":"2025-10-14","tipo_apresentacao":"","data_publicacao":null,"numero_origem_externa":"","ano_origem_externa":null,"data_origem_externa":null,"apelido":"","dias_prazo":null,"data_fim_prazo":null,"em_tramitacao":false,"polemica":false,"objeto":"","complementar":false,"ementa":"Realiza\u00e7\u00e3o de Sess\u00e3o Especial, no Plen\u00e1rio desta C\u00e2mara Municipal, no dia 05 de novembro do corrente ano, em alus\u00e3o ao Dia Nacional da Cultura, com a finalidade de tratar de assuntos pertinentes \u00e0 Cultura, atendendo ao pedido da Cia Arte Cultura Insanos,  do Bairro do Renascer","indexacao":"","observacao":"","resultado":"","texto_original":"http://sapl.cabedelo.pb.leg.br/media/sapl/public/materialegislativa/2025/11062/requer._no_697_2025_-_ver._junior_paulo_-_sessao_especial_cultura.pdf","data_ultima_atualizacao":"2025-10-22T10:28:17.116708-03:00","ip":"186.235.50.39","ultima_edicao":"2025-10-22T10:24:40.354607-03:00","tipo":3,"regime_tramitacao":1,"tipo_origem_externa":null,"local_origem_externa":null,"user":22,"anexadas":[],"autores":[48]}