{"id":11127,"__str__":"Projeto de Resolu\u00e7\u00e3o n\u00ba 8 de 2025","link_detail_backend":"/materia/11127","metadata":{},"numero":8,"ano":2025,"numero_protocolo":null,"data_apresentacao":"2025-11-04","tipo_apresentacao":"","data_publicacao":null,"numero_origem_externa":"","ano_origem_externa":null,"data_origem_externa":null,"apelido":"","dias_prazo":null,"data_fim_prazo":null,"em_tramitacao":false,"polemica":false,"objeto":"","complementar":false,"ementa":"Constitui Comiss\u00e3o de Representa\u00e7\u00e3o da C\u00e2mara Municipal de Cabedelo (PB), para participar Congresso UVB 61 anos de Gestores e Legislativos Municipais em Bras\u00edlia/DF, e d\u00e1 outras provid\u00eancias","indexacao":"","observacao":"","resultado":"","texto_original":"http://sapl.cabedelo.pb.leg.br/media/sapl/public/materialegislativa/2025/11127/pr_no_008_2025_-_presidente_da_cmc_-_comissao_de_representacao_brasilia-_df_-_resolucao_no_277_2025.pdf","data_ultima_atualizacao":"2025-12-01T12:13:59.243687-03:00","ip":"186.235.50.39","ultima_edicao":"2025-12-01T12:11:44.272282-03:00","tipo":2,"regime_tramitacao":1,"tipo_origem_externa":null,"local_origem_externa":null,"user":22,"anexadas":[],"autores":[65]}