{"id":11139,"__str__":"Requerimento n\u00ba 709 de 2025","link_detail_backend":"/materia/11139","metadata":{},"numero":709,"ano":2025,"numero_protocolo":null,"data_apresentacao":"2025-10-21","tipo_apresentacao":"","data_publicacao":null,"numero_origem_externa":"","ano_origem_externa":null,"data_origem_externa":null,"apelido":"","dias_prazo":null,"data_fim_prazo":null,"em_tramitacao":false,"polemica":false,"objeto":"","complementar":false,"ementa":"Realiza\u00e7\u00e3o de Sess\u00e3o Especial, no Plen\u00e1rio desta C\u00e2mara Municipal, em data a ser agendada, sobre a atual situa\u00e7\u00e3o dos \u00f4nibus da cidade, em especial no bairros do Renascer e Jacar\u00e9","indexacao":"","observacao":"","resultado":"","texto_original":"http://sapl.cabedelo.pb.leg.br/media/sapl/public/materialegislativa/2025/11139/requer._no_709_2025_-_ver._edson_da_otica_-_sessao_especial_situacao_dos_onibus.pdf","data_ultima_atualizacao":"2025-12-03T10:00:06.261597-03:00","ip":"186.235.50.39","ultima_edicao":"2025-12-03T09:56:40.026394-03:00","tipo":3,"regime_tramitacao":1,"tipo_origem_externa":null,"local_origem_externa":null,"user":22,"anexadas":[],"autores":[55]}