{"id":11160,"__str__":"Requerimento n\u00ba 731 de 2025","link_detail_backend":"/materia/11160","metadata":{},"numero":731,"ano":2025,"numero_protocolo":null,"data_apresentacao":"2025-11-04","tipo_apresentacao":"","data_publicacao":null,"numero_origem_externa":"","ano_origem_externa":null,"data_origem_externa":null,"apelido":"","dias_prazo":null,"data_fim_prazo":null,"em_tramitacao":false,"polemica":false,"objeto":"","complementar":false,"ementa":"Solicitar ao Prefeito Municipal estudar a possibilidade de adotar a iniciativa do Projeto de Lei que \"Institui o Programa Municipal de Prote\u00e7\u00e3o Digital de Crian\u00e7as e Adolescentes, voltado \u00e0\r\npreven\u00e7\u00e3o e ao enfrentamento do uso indevido de tecnologias e ferramentas de Intelig\u00eancia\r\nArtificial, e d\u00e1 outras provid\u00eancias\"","indexacao":"","observacao":"","resultado":"","texto_original":"http://sapl.cabedelo.pb.leg.br/media/sapl/public/materialegislativa/2025/11160/requer._no_731_2025_-_ver._wagner_do_solanense_-_pl_programa_protecao_digital_criancas_e_adolescentes.pdf","data_ultima_atualizacao":"2025-12-03T11:28:00.348390-03:00","ip":"186.235.50.39","ultima_edicao":"2025-12-03T11:26:59.066036-03:00","tipo":3,"regime_tramitacao":1,"tipo_origem_externa":null,"local_origem_externa":null,"user":22,"anexadas":[],"autores":[46]}