{"id":11206,"__str__":"Requerimento n\u00ba 585 de 2025","link_detail_backend":"/materia/11206","metadata":{},"numero":585,"ano":2025,"numero_protocolo":null,"data_apresentacao":"2025-09-16","tipo_apresentacao":"","data_publicacao":null,"numero_origem_externa":"","ano_origem_externa":null,"data_origem_externa":null,"apelido":"","dias_prazo":null,"data_fim_prazo":null,"em_tramitacao":false,"polemica":false,"objeto":"","complementar":false,"ementa":"Solicitar ao Prefeito Municipal estudar a possibilidade de adotar a iniciativa do Projeto de Lei que \u201cInstitui o o Programa Sala Azul - Espa\u00e7o do Autista, no \u00e2mbito do Munic\u00edpio de Cabedelo e d\u00e1 outras provid\u00eancias","indexacao":"","observacao":"","resultado":"","texto_original":"http://sapl.cabedelo.pb.leg.br/media/sapl/public/materialegislativa/2025/11206/requer._no_585_2025_-_ver._evilasio_cavalcanti_-_pl_sala_azul_espaco_do_autista.pdf","data_ultima_atualizacao":"2025-12-10T10:57:32.329444-03:00","ip":"186.235.50.39","ultima_edicao":"2025-12-10T10:55:09.048047-03:00","tipo":3,"regime_tramitacao":1,"tipo_origem_externa":null,"local_origem_externa":null,"user":22,"anexadas":[],"autores":[6]}