{"id":11221,"__str__":"Requerimento n\u00ba 784 de 2025","link_detail_backend":"/materia/11221","metadata":{},"numero":784,"ano":2025,"numero_protocolo":null,"data_apresentacao":"2025-11-25","tipo_apresentacao":"","data_publicacao":null,"numero_origem_externa":"","ano_origem_externa":null,"data_origem_externa":null,"apelido":"","dias_prazo":null,"data_fim_prazo":null,"em_tramitacao":false,"polemica":false,"objeto":"","complementar":false,"ementa":"Solicitar ao Prefeito Municipal e Secretaria de Infraestrutura uma vistoria e posterior restaura\u00e7\u00e3o ou remo\u00e7\u00e3o das placas de mosaicos instaladas na pra\u00e7a localizada na Avenida S\u00e3o Sebasti\u00e3o, que se encontram distribu\u00eddos em pontos estrat\u00e9gicos ao longo de todo o canteiro central da via","indexacao":"","observacao":"","resultado":"","texto_original":"http://sapl.cabedelo.pb.leg.br/media/sapl/public/materialegislativa/2025/11221/requer._no_784_2025_-_ver._edglei_ramalho_-_restauracao_ou_remocao_placas_mosaicos_praca_av._sao_sebastiao.pdf","data_ultima_atualizacao":"2025-12-10T11:39:08.778557-03:00","ip":"186.235.50.39","ultima_edicao":"2025-12-10T11:37:02.128390-03:00","tipo":3,"regime_tramitacao":1,"tipo_origem_externa":null,"local_origem_externa":null,"user":22,"anexadas":[],"autores":[67]}