{"id":11290,"__str__":"Projeto de Lei Ordin\u00e1ria n\u00ba 201 de 2025","link_detail_backend":"/materia/11290","metadata":{},"numero":201,"ano":2025,"numero_protocolo":null,"data_apresentacao":"2025-08-12","tipo_apresentacao":"","data_publicacao":null,"numero_origem_externa":"","ano_origem_externa":null,"data_origem_externa":null,"apelido":"","dias_prazo":null,"data_fim_prazo":null,"em_tramitacao":false,"polemica":false,"objeto":"","complementar":false,"ementa":"Institui o Dia Municipal de Luta da Pessoa com Defici\u00eancia, no \u00e2mbito do Munic\u00edpio de Cabedelo, e d\u00e1 outras provid\u00eancias","indexacao":"","observacao":"","resultado":"","texto_original":"http://sapl.cabedelo.pb.leg.br/media/sapl/public/materialegislativa/2025/11290/pl_no_201_2025_-_ver._evilasio_cavalcanti_-_institui_o_dia_municipal_de_luta_da_pessoa_com_deficiencia_no_ambito_do_municipio_de_cabedelo..pdf","data_ultima_atualizacao":"2026-01-05T12:27:34.976495-03:00","ip":"186.235.50.39","ultima_edicao":"2026-01-05T12:26:31.857408-03:00","tipo":1,"regime_tramitacao":1,"tipo_origem_externa":null,"local_origem_externa":null,"user":22,"anexadas":[],"autores":[6]}