{"id":11335,"__str__":"Ato da Presid\u00eancia n\u00ba 53 de 2026","link_detail_backend":"/materia/11335","metadata":{},"numero":53,"ano":2026,"numero_protocolo":null,"data_apresentacao":"2026-01-14","tipo_apresentacao":"","data_publicacao":null,"numero_origem_externa":"","ano_origem_externa":null,"data_origem_externa":null,"apelido":"","dias_prazo":null,"data_fim_prazo":null,"em_tramitacao":false,"polemica":false,"objeto":"","complementar":false,"ementa":"Convoca suplentes para posse, em car\u00e1ter provis\u00f3rio, no cargo de Vereador, e d\u00e1 outras provid\u00eancias","indexacao":"","observacao":"","resultado":"","texto_original":"http://sapl.cabedelo.pb.leg.br/media/sapl/public/materialegislativa/2026/11335/ato_do_presidente_no_053_2026_convoca_suplentes.pdf","data_ultima_atualizacao":"2026-01-21T11:43:00.124325-03:00","ip":"186.235.50.39","ultima_edicao":"2026-01-21T11:41:36.583923-03:00","tipo":29,"regime_tramitacao":1,"tipo_origem_externa":null,"local_origem_externa":null,"user":22,"anexadas":[],"autores":[74]}