{"id":11358,"__str__":"Requerimento n\u00ba 804 de 2025","link_detail_backend":"/materia/11358","metadata":{},"numero":804,"ano":2025,"numero_protocolo":null,"data_apresentacao":"2025-12-09","tipo_apresentacao":"","data_publicacao":null,"numero_origem_externa":"","ano_origem_externa":null,"data_origem_externa":null,"apelido":"","dias_prazo":null,"data_fim_prazo":null,"em_tramitacao":false,"polemica":false,"objeto":"","complementar":false,"ementa":"Solicitar ao Prefeito Municipal e Secretarias de Mobilidade Urbana e de Infraestrutura a implanta\u00e7\u00e3o de redutores de velocidade (quebra-molas) no inicio de todas as ruas do Bairro de Intermares que fazem liga\u00e7\u00e3o com a BR-230","indexacao":"","observacao":"","resultado":"","texto_original":"http://sapl.cabedelo.pb.leg.br/media/sapl/public/materialegislativa/2025/11358/requer._no_804_2025_-_ver._marcio_silva_-_implantacao_de_redutores_de_velocidade_nao_apreciado.pdf","data_ultima_atualizacao":"2026-01-26T12:47:27.591022-03:00","ip":"186.235.50.39","ultima_edicao":"2026-01-26T12:45:26.892993-03:00","tipo":3,"regime_tramitacao":1,"tipo_origem_externa":null,"local_origem_externa":null,"user":22,"anexadas":[],"autores":[50]}