{"id":11426,"__str__":"Projeto de Decreto Legislativo n\u00ba 53 de 2025","link_detail_backend":"/materia/11426","metadata":{},"numero":53,"ano":2025,"numero_protocolo":null,"data_apresentacao":"2025-11-18","tipo_apresentacao":"","data_publicacao":null,"numero_origem_externa":"","ano_origem_externa":null,"data_origem_externa":null,"apelido":"","dias_prazo":null,"data_fim_prazo":null,"em_tramitacao":false,"polemica":false,"objeto":"","complementar":false,"ementa":"Concede T\u00edtulo de Cidad\u00e3o Cabedelense ao Senhor F\u00e1bio Pereira de Ara\u00fajo, e d\u00e1 outras provid\u00eancias","indexacao":"","observacao":"","resultado":"","texto_original":"http://sapl.cabedelo.pb.leg.br/media/sapl/public/materialegislativa/2025/11426/pdl_no_053_2025_-_ver._edglei_ramalho_-_cidadao_cabedelense_fabio_pereira_de_araujo_-_dl_no_950_2025.pdf","data_ultima_atualizacao":"2026-02-04T11:22:58.966324-03:00","ip":"186.235.50.39","ultima_edicao":"2026-02-04T11:21:57.335508-03:00","tipo":6,"regime_tramitacao":1,"tipo_origem_externa":null,"local_origem_externa":null,"user":22,"anexadas":[],"autores":[67]}