{"id":2951,"__str__":"Requerimento n\u00ba 331 de 2013","link_detail_backend":"/materia/2951","metadata":{},"numero":331,"ano":2013,"numero_protocolo":null,"data_apresentacao":"2013-06-27","tipo_apresentacao":"","data_publicacao":null,"numero_origem_externa":"","ano_origem_externa":null,"data_origem_externa":null,"apelido":"","dias_prazo":null,"data_fim_prazo":null,"em_tramitacao":false,"polemica":null,"objeto":"","complementar":null,"ementa":"DISPENSA DO INTERST\u00cdCIO REGIMENTAL PARA APRECIA\u00c7\u00c3O EM 2\u00ba TURNO DE DISCUSS\u00c3O E VOTA\u00c7\u00c3O, NESTA CESS\u00c3O ORDIN\u00c1RIA, DAS SEGUINTES PROPOSITURAS: PROPOSTA DE EMENDA A LOM N\u00ba 001/2013 - DA VEREADORA GRA\u00c7A REZENDE E OUTROS; PROJETO DE LEI COMPLEMENTAR N\u00ba 010/2013 - DO PREFEITO MUNICIPAL, E PROJETO DE LEI COMPLEMENTAR N\u00ba 011/2013 - DO PREFEITO MUNICIPAL","indexacao":"","observacao":"","resultado":"","texto_original":"http://sapl.cabedelo.pb.leg.br/media/sapl/public/materialegislativa/2013/2951/requer_no_331_2013_-_ver._rosivando_viana_e_out_Duqx0cV.pdf","data_ultima_atualizacao":"2018-12-10T12:38:31.753794-02:00","ip":"","ultima_edicao":null,"tipo":3,"regime_tramitacao":1,"tipo_origem_externa":null,"local_origem_externa":null,"user":null,"anexadas":[],"autores":[]}