{"id":3300,"__str__":"Requerimento n\u00ba 25 de 2009","link_detail_backend":"/materia/3300","metadata":{},"numero":25,"ano":2009,"numero_protocolo":null,"data_apresentacao":"2009-03-19","tipo_apresentacao":"","data_publicacao":null,"numero_origem_externa":"","ano_origem_externa":null,"data_origem_externa":null,"apelido":"","dias_prazo":null,"data_fim_prazo":null,"em_tramitacao":false,"polemica":null,"objeto":"","complementar":null,"ementa":"URG\u00caNCIA-URGENT\u00cdSSIMA, PARA DISCUSS\u00c3O E VOTA\u00c7\u00c3O DO PROJETO DE LEI N\u00ba 003/2009 - DO PREFEITO MUNICIPAL - \" DESAFETA DA CONDI\u00c7\u00c3O DO BEM P\u00daBLICO INALIEN\u00c1VEL O IM\u00d3VEL QUE MENCIONA, AUTORIZA A DOA\u00c7\u00c3O E D\u00c1 OUTRAS PROVID\u00caNCIAS \"","indexacao":"","observacao":"","resultado":"","texto_original":"http://sapl.cabedelo.pb.leg.br/media/sapl/public/materialegislativa/2009/3300/requer_n_25_2009_-_ver._jonas_pequeno_e_outros__dduGqFo.pdf","data_ultima_atualizacao":"2019-01-24T09:55:47.996278-02:00","ip":"","ultima_edicao":null,"tipo":3,"regime_tramitacao":3,"tipo_origem_externa":null,"local_origem_externa":null,"user":null,"anexadas":[],"autores":[]}