{"id":3498,"__str__":"Requerimento n\u00ba 462 de 2013","link_detail_backend":"/materia/3498","metadata":{},"numero":462,"ano":2013,"numero_protocolo":null,"data_apresentacao":"2013-09-24","tipo_apresentacao":"","data_publicacao":null,"numero_origem_externa":"","ano_origem_externa":null,"data_origem_externa":null,"apelido":"","dias_prazo":null,"data_fim_prazo":null,"em_tramitacao":false,"polemica":null,"objeto":"","complementar":null,"ementa":"REALIZA\u00c7\u00c3O DO DIA MUNICIPAL DE INCLUS\u00c3O SOCIAL DOS PORTADORES DE NECESSIDADES ESPECIAIS, A SER COMEMORADO NO DIA 08 DE NOVEMBRO","indexacao":"","observacao":"","resultado":"","texto_original":"http://sapl.cabedelo.pb.leg.br/media/sapl/public/materialegislativa/2013/3498/requer_no_462_2013_-_ver._jacqueline_monteiro_-_VRNSJGG.pdf","data_ultima_atualizacao":"2019-02-04T10:11:22.748931-02:00","ip":"","ultima_edicao":null,"tipo":3,"regime_tramitacao":1,"tipo_origem_externa":null,"local_origem_externa":null,"user":null,"anexadas":[],"autores":[]}