{"id":3534,"__str__":"Requerimento n\u00ba 119 de 2009","link_detail_backend":"/materia/3534","metadata":{},"numero":119,"ano":2009,"numero_protocolo":null,"data_apresentacao":"2009-08-11","tipo_apresentacao":"","data_publicacao":null,"numero_origem_externa":"","ano_origem_externa":null,"data_origem_externa":null,"apelido":"","dias_prazo":null,"data_fim_prazo":null,"em_tramitacao":false,"polemica":null,"objeto":"","complementar":null,"ementa":"CAL\u00c7AR A RUA JO\u00c3O EDIVALDO DE FREITAS, DO LOTEAMENTO JARDIM MARALINA, NESTE MUNIC\u00cdPIO","indexacao":"","observacao":"","resultado":"","texto_original":"http://sapl.cabedelo.pb.leg.br/media/sapl/public/materialegislativa/2009/3534/requer_no_119_2009_-__ver._jonas_pequeno_-_calcamento.pdf","data_ultima_atualizacao":"2019-02-05T11:22:39.059628-02:00","ip":"","ultima_edicao":null,"tipo":3,"regime_tramitacao":1,"tipo_origem_externa":null,"local_origem_externa":null,"user":null,"anexadas":[],"autores":[]}