{"id":3580,"__str__":"Requerimento n\u00ba 503 de 2013","link_detail_backend":"/materia/3580","metadata":{},"numero":503,"ano":2013,"numero_protocolo":null,"data_apresentacao":"2013-10-10","tipo_apresentacao":"","data_publicacao":null,"numero_origem_externa":"","ano_origem_externa":null,"data_origem_externa":null,"apelido":"","dias_prazo":null,"data_fim_prazo":null,"em_tramitacao":false,"polemica":null,"objeto":"","complementar":null,"ementa":"SOLICITAR AO PREFEITO MUNICIPAL ESTUDAR A POSSIBILIDADE DE DOA\u00c7\u00c3O DO IM\u00d3VEL ONDE ATUALMENTE EST\u00c1 INSTALADO O F\u00d3RUM DA COMARCA DE CABEDELO PARA QUE SEJA A NOVA SEDE DO PODER LEGISLATIVO, AP\u00d3S A DEVOLU\u00c7\u00c3O DO PR\u00c9DIO AO PATRIM\u00d4NIO DO MUNIC\u00cdPIO","indexacao":"","observacao":"","resultado":"","texto_original":"http://sapl.cabedelo.pb.leg.br/media/sapl/public/materialegislativa/2013/3580/requer_no_503_2013_-_ver.jaqueline_monteiro_e_o_vbx3oWI.pdf","data_ultima_atualizacao":"2019-02-05T17:01:54.699263-02:00","ip":"","ultima_edicao":null,"tipo":3,"regime_tramitacao":1,"tipo_origem_externa":null,"local_origem_externa":null,"user":null,"anexadas":[],"autores":[]}