{"id":3674,"__str__":"Requerimento n\u00ba 196 de 2009","link_detail_backend":"/materia/3674","metadata":{},"numero":196,"ano":2009,"numero_protocolo":null,"data_apresentacao":"2009-09-22","tipo_apresentacao":"","data_publicacao":null,"numero_origem_externa":"","ano_origem_externa":null,"data_origem_externa":null,"apelido":"","dias_prazo":null,"data_fim_prazo":null,"em_tramitacao":false,"polemica":null,"objeto":"","complementar":null,"ementa":"URG\u00caNCIA-URGENT\u00cdSSIMA, PARA APRECIA\u00c7\u00c3O DO PROCESSO PL N\u00ba 017/2009 - PMC N\u00ba 2.009/0024561 - ORIGEM : PREFEITURA MUNICIPAL DE CABEDELO; PROCESSO PL N\u00ba 023/2009 - PMC N\u00ba 2.008/2009 - ORIGEM : PREFEITURA MUNICIPAL DE CABEDELO; E PROCESSO PL N\u00ba 024/2009 - PMC N\u00ba 1.927/2009 - ORIGEM : PREFEITURA MUNICIPAL DE CABEDELO","indexacao":"","observacao":"","resultado":"","texto_original":"http://sapl.cabedelo.pb.leg.br/media/sapl/public/materialegislativa/2009/3674/requer_no_196__2009_-_ver._jonas_pequeno_e_outr_gup4lYS.pdf","data_ultima_atualizacao":"2019-02-07T11:22:08.644713-02:00","ip":"","ultima_edicao":null,"tipo":3,"regime_tramitacao":3,"tipo_origem_externa":null,"local_origem_externa":null,"user":null,"anexadas":[],"autores":[]}