{"id":4507,"__str__":"Projeto de Resolu\u00e7\u00e3o n\u00ba 2 de 2019","link_detail_backend":"/materia/4507","metadata":{},"numero":2,"ano":2019,"numero_protocolo":null,"data_apresentacao":"2019-03-26","tipo_apresentacao":"","data_publicacao":null,"numero_origem_externa":"","ano_origem_externa":null,"data_origem_externa":null,"apelido":"","dias_prazo":null,"data_fim_prazo":null,"em_tramitacao":false,"polemica":null,"objeto":"","complementar":null,"ementa":"CRIA COMISS\u00c3O DE REPRESENTA\u00c7\u00c3O DA C\u00c2MARA MUNICIPAL COM O OBJETIVO DE DIRIGIR-SE A BRAS\u00cdLIA-DF PARA TRATAR SOBRE A DUPLICA\u00c7\u00c3O DA BR 230 NO TRECHO DA CIRCUNSCRI\u00c7\u00c3O DO MUNIC\u00cdPIO DE CABEDELO (PB), E D\u00c1 OUTRAS PROVID\u00caNCIAS","indexacao":"","observacao":"","resultado":"","texto_original":"http://sapl.cabedelo.pb.leg.br/media/sapl/public/materialegislativa/2019/4507/pr_n_002_2019_-_da_presidente_-_cria_comissao_d_sI39wyy.pdf","data_ultima_atualizacao":"2019-04-01T10:41:38.336558-03:00","ip":"","ultima_edicao":null,"tipo":2,"regime_tramitacao":1,"tipo_origem_externa":null,"local_origem_externa":null,"user":null,"anexadas":[],"autores":[]}