{"id":4526,"__str__":"Requerimento n\u00ba 81 de 2019","link_detail_backend":"/materia/4526","metadata":{},"numero":81,"ano":2019,"numero_protocolo":null,"data_apresentacao":"2019-03-28","tipo_apresentacao":"","data_publicacao":null,"numero_origem_externa":"","ano_origem_externa":null,"data_origem_externa":null,"apelido":"","dias_prazo":null,"data_fim_prazo":null,"em_tramitacao":false,"polemica":null,"objeto":"","complementar":null,"ementa":"INCLUS\u00c3O NO PROGRAMA PAVIMENTA CABEDELO II, DOS SEGUINTES LOGRADOUROS: RUA MILTON HERCULADO DE ARA\u00daJO, RUA JO\u00c3O EDIVALDO DE FREITAS, TRECHO DA RUA ERNANI SIQUEIRA, E TRECHO DA RUA JO\u00c3O CASTOR DE SENA, NO BAIRRO JARDIM BRAS\u00cdLIA","indexacao":"","observacao":"","resultado":"","texto_original":"http://sapl.cabedelo.pb.leg.br/media/sapl/public/materialegislativa/2019/4526/requer._n_081_2019_-_jonas_pequeno_-_inclusao_r_q40ha96.pdf","data_ultima_atualizacao":"2019-04-02T13:21:02.598058-03:00","ip":"","ultima_edicao":null,"tipo":3,"regime_tramitacao":1,"tipo_origem_externa":null,"local_origem_externa":null,"user":null,"anexadas":[],"autores":[]}