{"id":4764,"__str__":"Requerimento n\u00ba 255 de 2019","link_detail_backend":"/materia/4764","metadata":{},"numero":255,"ano":2019,"numero_protocolo":null,"data_apresentacao":"2019-05-29","tipo_apresentacao":"","data_publicacao":null,"numero_origem_externa":"","ano_origem_externa":null,"data_origem_externa":null,"apelido":"","dias_prazo":null,"data_fim_prazo":null,"em_tramitacao":false,"polemica":null,"objeto":"","complementar":null,"ementa":"SOLICITAR AO PREFEITO MUNICIPAL A REABERTURA DA GALERIA DE FOTOS DE TODOS OS PREFEITOS MUNICIPAIS ELEITOS QUE ADMINISTRARAM O MUNIC\u00cdPIO DE CABEDELO, DESDE A EMANCIPA\u00c7\u00c3O MUNICIPAL; A SER INSTALADA, POR SUGEST\u00c3O, NA CASA DO ALEM\u00c3O E TENDO A DENOMINA\u00c7\u00c3O DE GALERIA SEBASTI\u00c3O PL\u00c1CIDO DE ALMEIDA","indexacao":"","observacao":"","resultado":"","texto_original":"http://sapl.cabedelo.pb.leg.br/media/sapl/public/materialegislativa/2019/4764/requer._no_255_2019_-_graca_resende_-_reabertur_caUnBIr.pdf","data_ultima_atualizacao":"2019-06-03T13:02:31.863545-03:00","ip":"","ultima_edicao":null,"tipo":3,"regime_tramitacao":1,"tipo_origem_externa":null,"local_origem_externa":null,"user":null,"anexadas":[],"autores":[]}