{"id":5041,"__str__":"Veto Total n\u00ba 84 de 2019","link_detail_backend":"/materia/5041","metadata":{},"numero":84,"ano":2019,"numero_protocolo":null,"data_apresentacao":"2019-04-22","tipo_apresentacao":"","data_publicacao":null,"numero_origem_externa":"","ano_origem_externa":null,"data_origem_externa":null,"apelido":"","dias_prazo":null,"data_fim_prazo":null,"em_tramitacao":false,"polemica":null,"objeto":"","complementar":null,"ementa":"VETO TOTAL AO PROJETO DE LEI N\u00ba 084/2018, QUE \"OBRIGA A APRESENTA\u00c7\u00c3O DA CARTEIRA DE SA\u00daDE NO ATO DA MATR\u00cdCULA NA PR\u00c9-ESCOLA E NAS CRECHES NO \u00c2MBITO DO MUNIC\u00cdPIO DE CABEDELO (PB), E D\u00c1 OUTRAS PROVID\u00caNCIAS\", DE AUTORIA DA VEREADORA GRA\u00c7A REZENDE.","indexacao":"","observacao":"","resultado":"","texto_original":"http://sapl.cabedelo.pb.leg.br/media/sapl/public/materialegislativa/2019/5041/veto_total__ao_pl_no_084_-_2018_-_da_ver._graca_CZ8E8zg.pdf","data_ultima_atualizacao":"2019-08-19T13:11:50.301673-03:00","ip":"186.235.55.12","ultima_edicao":null,"tipo":22,"regime_tramitacao":1,"tipo_origem_externa":null,"local_origem_externa":null,"user":22,"anexadas":[],"autores":[]}