{"id":5044,"__str__":"Veto Total n\u00ba 91 de 2018","link_detail_backend":"/materia/5044","metadata":{},"numero":91,"ano":2018,"numero_protocolo":null,"data_apresentacao":"2018-12-26","tipo_apresentacao":"","data_publicacao":null,"numero_origem_externa":"","ano_origem_externa":null,"data_origem_externa":null,"apelido":"","dias_prazo":null,"data_fim_prazo":null,"em_tramitacao":false,"polemica":null,"objeto":"","complementar":null,"ementa":"VETO TOTAL AO PROJETO DE LEI N\u00ba 091/2018, QUE \"INSTITUI NO CALEND\u00c1RIO DO MUNIC\u00cdPIO DE CABEDELO, A SEMANA MUNICIPAL DE INCENTIVO \u00c0 M\u00daSICA, DAN\u00c7A E TEATRO NAS ESCOLAS, CRECHES MUNICIPAIS, CENTRO DE ARTES E COMUNIDADE, E D\u00c1 OUTRAS PROVID\u00caNCIAS\", DE AUTORIA DO VEREADOR H\u00c9RLON CABRAL.","indexacao":"","observacao":"","resultado":"","texto_original":"http://sapl.cabedelo.pb.leg.br/media/sapl/public/materialegislativa/2018/5044/veto_total__ao_pl_no_091_-_2018_-_do_ver._herlo_JnBDzqG.pdf","data_ultima_atualizacao":"2019-08-19T13:36:39.622244-03:00","ip":"186.235.55.12","ultima_edicao":null,"tipo":22,"regime_tramitacao":1,"tipo_origem_externa":null,"local_origem_externa":null,"user":22,"anexadas":[],"autores":[]}