{"id":5063,"__str__":"Veto Total n\u00ba 16 de 2015","link_detail_backend":"/materia/5063","metadata":{},"numero":16,"ano":2015,"numero_protocolo":null,"data_apresentacao":"2015-07-27","tipo_apresentacao":"","data_publicacao":null,"numero_origem_externa":"","ano_origem_externa":null,"data_origem_externa":null,"apelido":"","dias_prazo":null,"data_fim_prazo":null,"em_tramitacao":false,"polemica":null,"objeto":"","complementar":null,"ementa":"VETO TOTAL AO PROJETO DE LEI N\u00ba 016/2015, QUE \"PRO\u00cdBE, NO \u00c2MBITO DO MUNIC\u00cdPIO DE CABEDELO, A COBRAN\u00c7A DAS TAXAS DE RELIGA\u00c7\u00c3O DE SERVI\u00c7OS DE \u00c1GUA E ENERGIA EL\u00c9TRICA, NOS CASOS DE DESLIGAMENTO POR FALTA DE PAGAMENTO E ADOTA OUTRAS PROVID\u00caNCIAS\", DE AUTORIA DO VEREADOR FERNANDO SOBRINHO.","indexacao":"","observacao":"","resultado":"","texto_original":"http://sapl.cabedelo.pb.leg.br/media/sapl/public/materialegislativa/2015/5063/vt_ao_pl_no_016_2015__-_ver._fernando_sobrinho__R6r9zCO.pdf","data_ultima_atualizacao":"2019-08-20T11:33:10.640498-03:00","ip":"186.235.55.12","ultima_edicao":null,"tipo":22,"regime_tramitacao":1,"tipo_origem_externa":null,"local_origem_externa":null,"user":22,"anexadas":[],"autores":[]}