{"id":5078,"__str__":"Ato da Presid\u00eancia n\u00ba 32 de 2019","link_detail_backend":"/materia/5078","metadata":{},"numero":32,"ano":2019,"numero_protocolo":null,"data_apresentacao":"2019-08-06","tipo_apresentacao":"","data_publicacao":null,"numero_origem_externa":"","ano_origem_externa":null,"data_origem_externa":null,"apelido":"","dias_prazo":null,"data_fim_prazo":null,"em_tramitacao":false,"polemica":null,"objeto":"","complementar":null,"ementa":"Concede licen\u00e7a por motivo de sa\u00fade ao Vereador Jos\u00e9 Eudes Santos de Souza, e d\u00e1 outras provid\u00eancias.","indexacao":"","observacao":"","resultado":"","texto_original":"http://sapl.cabedelo.pb.leg.br/media/sapl/public/materialegislativa/2019/5078/ato_da_presidente_no_032_2019_-_licenca_medica__Ww5RvfH.pdf","data_ultima_atualizacao":"2019-08-23T10:51:36.677901-03:00","ip":"186.235.54.145","ultima_edicao":null,"tipo":29,"regime_tramitacao":1,"tipo_origem_externa":null,"local_origem_externa":null,"user":22,"anexadas":[],"autores":[]}