{"id":5121,"__str__":"Projeto de Lei Ordin\u00e1ria n\u00ba 95 de 2019","link_detail_backend":"/materia/5121","metadata":{},"numero":95,"ano":2019,"numero_protocolo":null,"data_apresentacao":"2019-08-29","tipo_apresentacao":"","data_publicacao":null,"numero_origem_externa":"","ano_origem_externa":null,"data_origem_externa":null,"apelido":"","dias_prazo":null,"data_fim_prazo":null,"em_tramitacao":false,"polemica":null,"objeto":"","complementar":null,"ementa":"INSTITUI O \"SETEMBRO VERDE\", PARA DAR VISIBILIDADE \u00c0 INCLUS\u00c3O SOCIAL DA PESSOA COM DEFICI\u00caNCIA.","indexacao":"","observacao":"","resultado":"","texto_original":"http://sapl.cabedelo.pb.leg.br/media/sapl/public/materialegislativa/2019/5121/pl_no_095_2019-ver._graca_rezende_-_institui_o__gcipRcf.pdf","data_ultima_atualizacao":"2019-09-10T11:06:11.781776-03:00","ip":"186.235.54.145","ultima_edicao":null,"tipo":1,"regime_tramitacao":1,"tipo_origem_externa":null,"local_origem_externa":null,"user":22,"anexadas":[],"autores":[]}