{"id":5145,"__str__":"Requerimento n\u00ba 470 de 2019","link_detail_backend":"/materia/5145","metadata":{},"numero":470,"ano":2019,"numero_protocolo":null,"data_apresentacao":"2019-08-29","tipo_apresentacao":"","data_publicacao":null,"numero_origem_externa":"","ano_origem_externa":null,"data_origem_externa":null,"apelido":"","dias_prazo":null,"data_fim_prazo":null,"em_tramitacao":false,"polemica":null,"objeto":"","complementar":null,"ementa":"SOLICITAR AO PREFEITO MUNICIPAL A INCLUS\u00c3O DA QUALIFICA\u00c7\u00c3O PARA CUIDADORES DE PESSOAS COM DEFICI\u00caNCIA NO PROGRAMA DE CURSOS DE CAPACITA\u00c7\u00c3O A SER INSTALADO NO MUNIC\u00cdPIO DE CABEDELO.","indexacao":"","observacao":"","resultado":"","texto_original":"http://sapl.cabedelo.pb.leg.br/media/sapl/public/materialegislativa/2019/5145/requer._no_470_2019_-_jose_pereira_-_qualificac_ohG1q9E.pdf","data_ultima_atualizacao":"2019-09-02T13:05:23.523195-03:00","ip":"187.33.249.254","ultima_edicao":null,"tipo":3,"regime_tramitacao":1,"tipo_origem_externa":null,"local_origem_externa":null,"user":22,"anexadas":[],"autores":[]}