{"id":5249,"__str__":"Requerimento n\u00ba 490 de 2019","link_detail_backend":"/materia/5249","metadata":{},"numero":490,"ano":2019,"numero_protocolo":null,"data_apresentacao":"2019-09-05","tipo_apresentacao":"","data_publicacao":null,"numero_origem_externa":"","ano_origem_externa":null,"data_origem_externa":null,"apelido":"","dias_prazo":null,"data_fim_prazo":null,"em_tramitacao":false,"polemica":null,"objeto":"","complementar":null,"ementa":"SOLICITAR AO PREFEITO MUNICIPAL A REALIZA\u00c7\u00c3O DA SEGUNDA FEIRA MUNICIPAL DE ADO\u00c7\u00c3O DE ANIMAIS, NO DIA 04 DE OUTUBRO DO CORRENTE ANO.","indexacao":"","observacao":"","resultado":"","texto_original":"http://sapl.cabedelo.pb.leg.br/media/sapl/public/materialegislativa/2019/5249/requer._no_490_2019_-_evilasio_cavalcanti_-__se_MwncjrG.pdf","data_ultima_atualizacao":"2019-09-09T13:19:33.137967-03:00","ip":"186.235.54.145","ultima_edicao":null,"tipo":3,"regime_tramitacao":1,"tipo_origem_externa":null,"local_origem_externa":null,"user":22,"anexadas":[],"autores":[]}