{"id":5349,"__str__":"Veto Total n\u00ba 25 de 2019","link_detail_backend":"/materia/5349","metadata":{},"numero":25,"ano":2019,"numero_protocolo":null,"data_apresentacao":"2019-07-04","tipo_apresentacao":"","data_publicacao":null,"numero_origem_externa":"","ano_origem_externa":null,"data_origem_externa":null,"apelido":"","dias_prazo":null,"data_fim_prazo":null,"em_tramitacao":false,"polemica":null,"objeto":"","complementar":null,"ementa":"VETO TOTAL AO PROJETO DE LEI N\u00ba 025/2019, QUE \"DISP\u00d5ES SOBRE O DESEMBARQUE DE MULHERES, IDOSOS E PESSOAS COM DEFICI\u00caNCIA, USU\u00c1RIOS DO SISTEMA DE TRANSPORTE COLETIVO, E D\u00c1 OUTRAS PROVID\u00caNCIAS\", DE AUTORIA DO VEREADOR JOS\u00c9 PEREIRA.","indexacao":"","observacao":"","resultado":"","texto_original":"http://sapl.cabedelo.pb.leg.br/media/sapl/public/materialegislativa/2019/5349/veto_total_ao_pl_no_025_2019_-_do_vereador_jose_JnlfaO4.pdf","data_ultima_atualizacao":"2019-09-16T09:22:36.214915-03:00","ip":"186.235.54.145","ultima_edicao":null,"tipo":22,"regime_tramitacao":1,"tipo_origem_externa":null,"local_origem_externa":null,"user":22,"anexadas":[],"autores":[]}