{"id":5404,"__str__":"Requerimento n\u00ba 494 de 2019","link_detail_backend":"/materia/5404","metadata":{},"numero":494,"ano":2019,"numero_protocolo":null,"data_apresentacao":"2019-09-11","tipo_apresentacao":"","data_publicacao":null,"numero_origem_externa":"","ano_origem_externa":null,"data_origem_externa":null,"apelido":"","dias_prazo":null,"data_fim_prazo":null,"em_tramitacao":false,"polemica":null,"objeto":"","complementar":null,"ementa":"CONCESS\u00c3O DE 100 (CEM) DIAS DE LICEN\u00c7A POR MOTIVO DE SA\u00daDE AO VEREADOR JOS\u00c9 EUDES SANTOS DE SOUZA.","indexacao":"","observacao":"","resultado":"","texto_original":"http://sapl.cabedelo.pb.leg.br/media/sapl/public/materialegislativa/2019/5404/requer._no_494_2019_-__jose_eudes_-_licenca_de_saude.pdf","data_ultima_atualizacao":"2019-09-16T12:43:47.068203-03:00","ip":"186.235.54.145","ultima_edicao":null,"tipo":3,"regime_tramitacao":1,"tipo_origem_externa":null,"local_origem_externa":null,"user":22,"anexadas":[],"autores":[]}