{"id":5463,"__str__":"Veto Parcial n\u00ba 75 de 2019","link_detail_backend":"/materia/5463","metadata":{},"numero":75,"ano":2019,"numero_protocolo":null,"data_apresentacao":"2019-09-10","tipo_apresentacao":"","data_publicacao":null,"numero_origem_externa":"","ano_origem_externa":null,"data_origem_externa":null,"apelido":"","dias_prazo":null,"data_fim_prazo":null,"em_tramitacao":false,"polemica":null,"objeto":"","complementar":null,"ementa":"VETO PARCIAL AO PROJETO DE LEI N\u00ba 075/2019, QUE \"INSTITUI O DIA MUNICIPAL DO BALLET, NO \u00c2MBITO DO MUNIC\u00cdPIO DE CABEDELO (PB), A SER COMEMORADO NO DIA 13 DE NOVEMBRO, E D\u00c1 OUTRAS PROVID\u00caNCIAS\", DE AUTORIA DO VEREADOR JANDERSON DE BRITO.","indexacao":"","observacao":"","resultado":"","texto_original":"http://sapl.cabedelo.pb.leg.br/media/sapl/public/materialegislativa/2019/5463/veto_parcial_ao_pl_no_075_2019_-_do_ver._jander_G3N5qaC.pdf","data_ultima_atualizacao":"2019-09-23T13:10:04.756163-03:00","ip":"186.235.54.145","ultima_edicao":null,"tipo":23,"regime_tramitacao":1,"tipo_origem_externa":null,"local_origem_externa":null,"user":22,"anexadas":[],"autores":[]}