{"id":5479,"__str__":"Requerimento n\u00ba 509 de 2019","link_detail_backend":"/materia/5479","metadata":{},"numero":509,"ano":2019,"numero_protocolo":null,"data_apresentacao":"2019-09-17","tipo_apresentacao":"","data_publicacao":null,"numero_origem_externa":"","ano_origem_externa":null,"data_origem_externa":null,"apelido":"","dias_prazo":null,"data_fim_prazo":null,"em_tramitacao":false,"polemica":null,"objeto":"","complementar":null,"ementa":"SOLICITAR AO PREFEITO MUNICIPAL QUE SEJA NOMEADA DE \"LARGO DE NAZAR\u00c9\" A PRA\u00c7A QUE SER\u00c1 CONSTRU\u00cdDA EM FRENTE A PAR\u00d3QUIA NOSSA SENHORA DE NAZAR\u00c9, NO BAIRRO DO PO\u00c7O.","indexacao":"","observacao":"","resultado":"","texto_original":"http://sapl.cabedelo.pb.leg.br/media/sapl/public/materialegislativa/2019/5479/requer._no_509_2019_-__jose_pereira_-_nomeacao__ECZxpn0.pdf","data_ultima_atualizacao":"2019-09-24T11:07:01.249675-03:00","ip":"186.235.55.91","ultima_edicao":null,"tipo":3,"regime_tramitacao":1,"tipo_origem_externa":null,"local_origem_externa":null,"user":22,"anexadas":[],"autores":[]}