{"id":6130,"__str__":"Requerimento n\u00ba 215 de 2020","link_detail_backend":"/materia/6130","metadata":{},"numero":215,"ano":2020,"numero_protocolo":null,"data_apresentacao":"2020-05-05","tipo_apresentacao":"E","data_publicacao":null,"numero_origem_externa":"","ano_origem_externa":null,"data_origem_externa":null,"apelido":"","dias_prazo":null,"data_fim_prazo":null,"em_tramitacao":false,"polemica":null,"objeto":"","complementar":null,"ementa":"Solicitar ao Prefeito Municipal a ades\u00e3o, nos pr\u00e9dios p\u00fablicos municipais, ao movimento do Maio Amarelo 2020, colocando ilumina\u00e7\u00e3o amarela no per\u00edodo da noite, bem como a ilumina\u00e7\u00e3o da Pra\u00e7a Get\u00falio Vargas e das palmeiras e \u00e1rvores em frente ao Teatro Santa Catarina, cobrir os roncos das \u00e1rvores com TNT amarelo, la\u00e7o amarelo grande e ilumina\u00e7\u00e3o no Marco Zero, agenda de duas entrevistas noa r\u00e1dio comunit\u00e1ria al\u00e9m da divulga\u00e7\u00e3o de podcast Maio Amarelo, e divulga\u00e7\u00e3o de mensagem educativa de tr\u00e2nsito em carros de som","indexacao":"","observacao":"","resultado":"","texto_original":"http://sapl.cabedelo.pb.leg.br/media/sapl/public/materialegislativa/2020/6130/requer._no_215_2020_-_ver._graca_rezende_-_ilum_45bovcV.pdf","data_ultima_atualizacao":"2020-08-10T10:15:43.980331-03:00","ip":"186.235.55.12","ultima_edicao":null,"tipo":3,"regime_tramitacao":1,"tipo_origem_externa":null,"local_origem_externa":null,"user":22,"anexadas":[],"autores":[22]}