{"id":6158,"__str__":"Projeto de Lei Ordin\u00e1ria n\u00ba 32 de 2020","link_detail_backend":"/materia/6158","metadata":{},"numero":32,"ano":2020,"numero_protocolo":null,"data_apresentacao":"2020-06-09","tipo_apresentacao":"","data_publicacao":null,"numero_origem_externa":"","ano_origem_externa":null,"data_origem_externa":null,"apelido":"","dias_prazo":null,"data_fim_prazo":null,"em_tramitacao":false,"polemica":null,"objeto":"","complementar":false,"ementa":"Institui no Calend\u00e1rio Oficial do Munic\u00edpio de Cabedelo - PB o Dia da Conscientiza\u00e7\u00e3o e Combate \u00e0s Fake News, e d\u00e1 outras provid\u00eancias","indexacao":"","observacao":"","resultado":"","texto_original":"http://sapl.cabedelo.pb.leg.br/media/sapl/public/materialegislativa/2020/6158/pl_no_032_2020-ver._evilasio_cavalcanti_-_dia_conscientizacao_fake_news_-_lei_no_2.077.pdf","data_ultima_atualizacao":"2020-10-05T12:54:55.817657-03:00","ip":"186.235.55.12","ultima_edicao":"2020-10-05T12:54:55.680622-03:00","tipo":1,"regime_tramitacao":1,"tipo_origem_externa":null,"local_origem_externa":null,"user":22,"anexadas":[],"autores":[6]}